{"id":249,"date":"2025-11-21T09:56:41","date_gmt":"2025-11-21T08:56:41","guid":{"rendered":"https:\/\/cool.fingerprint.hu\/?p=249"},"modified":"2025-11-21T09:57:12","modified_gmt":"2025-11-21T08:57:12","slug":"miert-erdemes-klimaval-futeni","status":"publish","type":"post","link":"https:\/\/cool.fingerprint.hu\/?p=249","title":{"rendered":"Mi\u00e9rt \u00e9rdemes kl\u00edm\u00e1val f\u0171teni?"},"content":{"rendered":"\n<p><\/p>\n\n\n\n<hr class=\"wp-block-separator has-alpha-channel-opacity\"\/>\n\n\n\n<h1 class=\"wp-block-heading\">\u00cdme az el\u0151ny\u00f6k, amik meggy\u0151znek<\/h1>\n\n\n\n<p>A hideg t\u00e9li h\u00f3napokban sokan keresik a hat\u00e9kony \u00e9s k\u00e9nyelmes f\u0171t\u00e9si megold\u00e1sokat, de mi lenne, ha a ny\u00e1ri h\u0171t\u00e9seddel azonos k\u00e9sz\u00fcl\u00e9kkel oldan\u00e1d meg a f\u0171t\u00e9st is? A modern h\u0151szivatty\u00fas kl\u00edm\u00e1k egyre n\u00e9pszer\u0171bbek Magyarorsz\u00e1gon, mert nemcsak h\u0171tenek, hanem f\u0171t\u00e9sre is kiv\u00e1l\u00f3ak. Ha te is fontolgatod a kl\u00edma f\u0171t\u00e9s el\u0151nyeit, ez a cikk neked sz\u00f3l \u2013 soroljuk fel a legfontosabbakat, hogy l\u00e1sd, mi\u00e9rt \u00e9ri meg v\u00e1ltani!<\/p>\n\n\n\n<h3 class=\"wp-block-heading\">Energiahat\u00e9konys\u00e1g a cs\u00facson<\/h3>\n\n\n\n<p>A kl\u00edm\u00e1val f\u0171t\u00e9s egyik legnagyobb el\u0151nye az energiahat\u00e9konys\u00e1g. Ezek a rendszerek h\u0151szivatty\u00fa elven m\u0171k\u00f6dnek, ami azt jelenti, hogy nem \u00e9getik el a g\u00e1zt vagy \u00e1ramot, hanem a k\u00fcls\u0151 leveg\u0151b\u0151l nyerik a meleget \u2013 ak\u00e1r -15\u00b0C-os hidegben is. Ez ak\u00e1r 30-50%-kal alacsonyabb fogyaszt\u00e1st jelenthet a hagyom\u00e1nyos f\u0171t\u0151testekhez k\u00e9pest. K\u00e9pzeld el: kevesebb sz\u00e1mla, t\u00f6bb megtakar\u00edt\u00e1s a csal\u00e1di k\u00f6lts\u00e9gvet\u00e9sben!<\/p>\n\n\n\n<h3 class=\"wp-block-heading\">K\u00f6rnyezetbar\u00e1t v\u00e1laszt\u00e1s<\/h3>\n\n\n\n<p>Ma m\u00e1r mindannyian gondolunk a bolyg\u00f3nkra, \u00e9s a kl\u00edma f\u0171t\u00e9s t\u00f6k\u00e9letesen illeszkedik a fenntarthat\u00f3 \u00e9letm\u00f3dba. Alacsony sz\u00e9n-dioxid-kibocs\u00e1t\u00e1ssal j\u00e1r, mivel meg\u00fajul\u00f3 energi\u00e1t haszn\u00e1l a fosszilis t\u00fczel\u0151anyagok helyett. Ha z\u00f6ldebb otthont szeretn\u00e9l, ez a megold\u00e1s t\u00e1mogatja a kl\u00edmav\u00e1ltoz\u00e1s elleni harcot, mik\u00f6zben te komfortosan melelegsz a nappaliban.<\/p>\n\n\n\n<h3 class=\"wp-block-heading\">Gyors \u00e9s egyenletes meleg<\/h3>\n\n\n\n<p>Nincs t\u00f6bb v\u00e1rakoz\u00e1s a radi\u00e1torokra! A kl\u00edma f\u0171t\u00e9s szinte azonnal felmeleg\u00edti a szob\u00e1t, \u00e9s egyenletes h\u0151m\u00e9rs\u00e9kletet biztos\u00edt mindenhol, an\u00e9lk\u00fcl, hogy meleg leveg\u0151 \u00e1ramlana a mennyezetr\u0151l. Az inverter technol\u00f3gia pedig finoman szab\u00e1lyozza a teljes\u00edtm\u00e9nyt, \u00edgy nincs huzat vagy t\u00falmeleged\u00e9s. Ide\u00e1lis, ha gyorsan haza\u00e9rsz a munk\u00e1b\u00f3l egy hideg est\u00e9n.<\/p>\n\n\n\n<h3 class=\"wp-block-heading\">Kett\u0151 az egyben: h\u0171t\u00e9s \u00e9s f\u0171t\u00e9s egy k\u00e9sz\u00fcl\u00e9kben<\/h3>\n\n\n\n<p>Mi\u00e9rt k\u00f6lten\u00e9l k\u00fcl\u00f6n kl\u00edm\u00e1ra \u00e9s f\u0171t\u00e9sre, ha egy rendszer mindent megold? Ny\u00e1ron h\u0171t, t\u00e9len f\u0171t \u2013 ez \u00f3ri\u00e1si hely- \u00e9s k\u00f6lts\u00e9gmegtakar\u00edt\u00e1s. R\u00e1ad\u00e1sul a telep\u00edt\u00e9s egyszer\u0171: falra szerelhet\u0151 belt\u00e9ri egys\u00e9g, k\u00fclt\u00e9ri egys\u00e9ggel, minim\u00e1lis bark\u00e1csol\u00e1ssal. A Cool Tech Comfort \u00e1ltal szerelt k\u00edn\u00e1latb\u00f3l k\u00f6nnyen tal\u00e1lsz modellt, ami illeszkedik a lak\u00e1sod m\u00e9ret\u00e9hez.<\/p>\n\n\n\n<h3 class=\"wp-block-heading\">Hossz\u00fa t\u00e1v\u00fa megtakar\u00edt\u00e1s \u00e9s k\u00e9nyelem<\/h3>\n\n\n\n<p>B\u00e1r a kezdeti beruh\u00e1z\u00e1s magasabb lehet, a kl\u00edma f\u0171t\u00e9s gyorsan megt\u00e9r\u00fcl az alacsonyabb rezsik\u00f6lts\u00e9gek miatt. \u00c1llami t\u00e1mogat\u00e1sok, mint a Z\u00f6ld Otthon Program, tov\u00e1bb cs\u00f6kkenthetik a kiad\u00e1sokat. Plusz, okos vez\u00e9rl\u00e9ssel t\u00e1volr\u00f3l szab\u00e1lyozhatod a h\u0151fokot app-on kereszt\u00fcl \u2013 t\u00f6k\u00e9letes a modern, elfoglalt \u00e9lethez.<\/p>\n\n\n\n<p>\u00d6sszefoglalva, a kl\u00edma f\u0171t\u00e9s nem csak praktikus, hanem okos v\u00e1laszt\u00e1s a mai vil\u00e1gban. Ha k\u00e9szen \u00e1llsz a v\u00e1lt\u00e1sra, l\u00e9pj kapcsolatba vel\u00fcnk egy ingyenes konzult\u00e1ci\u00f3\u00e9rt.<\/p>\n\n\n\n<hr class=\"wp-block-separator has-alpha-channel-opacity\"\/>\n\n\n\n<p><\/p>\n","protected":false},"excerpt":{"rendered":"<p>\u00cdme az el\u0151ny\u00f6k, amik meggy\u0151znek A hideg t\u00e9li h\u00f3napokban sokan keresik a hat\u00e9kony \u00e9s k\u00e9nyelmes f\u0171t\u00e9si megold\u00e1sokat, de mi lenne, ha a ny\u00e1ri h\u0171t\u00e9seddel azonos k\u00e9sz\u00fcl\u00e9kkel oldan\u00e1d meg a f\u0171t\u00e9st is? A modern h\u0151szivatty\u00fas kl\u00edm\u00e1k egyre n\u00e9pszer\u0171bbek Magyarorsz\u00e1gon, mert nemcsak h\u0171tenek, hanem f\u0171t\u00e9sre is kiv\u00e1l\u00f3ak. Ha te is fontolgatod a kl\u00edma f\u0171t\u00e9s el\u0151nyeit, ez a [&hellip;]<\/p>\n","protected":false},"author":2,"featured_media":192,"comment_status":"open","ping_status":"open","sticky":false,"template":"","format":"standard","meta":{"_acf_changed":false,"footnotes":""},"categories":[1],"tags":[],"class_list":["post-249","post","type-post","status-publish","format-standard","has-post-thumbnail","hentry","category-uncategorized"],"acf":[],"_links":{"self":[{"href":"https:\/\/cool.fingerprint.hu\/index.php?rest_route=\/wp\/v2\/posts\/249","targetHints":{"allow":["GET"]}}],"collection":[{"href":"https:\/\/cool.fingerprint.hu\/index.php?rest_route=\/wp\/v2\/posts"}],"about":[{"href":"https:\/\/cool.fingerprint.hu\/index.php?rest_route=\/wp\/v2\/types\/post"}],"author":[{"embeddable":true,"href":"https:\/\/cool.fingerprint.hu\/index.php?rest_route=\/wp\/v2\/users\/2"}],"replies":[{"embeddable":true,"href":"https:\/\/cool.fingerprint.hu\/index.php?rest_route=%2Fwp%2Fv2%2Fcomments&post=249"}],"version-history":[{"count":1,"href":"https:\/\/cool.fingerprint.hu\/index.php?rest_route=\/wp\/v2\/posts\/249\/revisions"}],"predecessor-version":[{"id":250,"href":"https:\/\/cool.fingerprint.hu\/index.php?rest_route=\/wp\/v2\/posts\/249\/revisions\/250"}],"wp:featuredmedia":[{"embeddable":true,"href":"https:\/\/cool.fingerprint.hu\/index.php?rest_route=\/wp\/v2\/media\/192"}],"wp:attachment":[{"href":"https:\/\/cool.fingerprint.hu\/index.php?rest_route=%2Fwp%2Fv2%2Fmedia&parent=249"}],"wp:term":[{"taxonomy":"category","embeddable":true,"href":"https:\/\/cool.fingerprint.hu\/index.php?rest_route=%2Fwp%2Fv2%2Fcategories&post=249"},{"taxonomy":"post_tag","embeddable":true,"href":"https:\/\/cool.fingerprint.hu\/index.php?rest_route=%2Fwp%2Fv2%2Ftags&post=249"}],"curies":[{"name":"wp","href":"https:\/\/api.w.org\/{rel}","templated":true}]}}